{"id":2686,"date":"2021-04-19T15:13:00","date_gmt":"2021-04-19T13:13:00","guid":{"rendered":"https:\/\/jkk-web.sze.hu\/a-muszaki-informatikai-tudasra-epitve-fejleszt-a-szechenyi-istvan-egyetem-ovari-kara\/"},"modified":"2021-07-12T15:17:34","modified_gmt":"2021-07-12T13:17:34","slug":"a-muszaki-informatikai-tudasra-epitve-fejleszt-a-szechenyi-istvan-egyetem-ovari-kara","status":"publish","type":"post","link":"https:\/\/jkk-web.sze.hu\/en\/a-muszaki-informatikai-tudasra-epitve-fejleszt-a-szechenyi-istvan-egyetem-ovari-kara\/","title":{"rendered":"This is the eng version."},"content":{"rendered":"\n<p id=\"viewer-foo\"><strong>A Sz\u00e9chenyi Istv\u00e1n Egyetem hagyom\u00e1nyosan rendk\u00edv\u00fcl er\u0151s gy\u00f6kerekkel rendelkezik a m\u0171szaki \u00e9s informatikai tudom\u00e1nyok ter\u00e9n, s erre \u00e9p\u00edtve val\u00f3s\u00edt meg a Mez\u0151gazdas\u00e1g- \u00e9s \u00c9lelmiszertudom\u00e1nyi Kar egy olyan projektet, amelynek k\u00f6z\u00e9ppontj\u00e1ban a prec\u00edzi\u00f3s gazd\u00e1lkod\u00e1s \u00e1ll.<\/strong><\/p>\n\n\n\n<blockquote class=\"wp-block-quote\" id=\"viewer-261qg\"><p><em>\u201eMagyarorsz\u00e1gon az agr\u00e1r-fels\u0151oktat\u00e1si int\u00e9zm\u00e9nyek k\u00f6z\u00f6tt j\u00f3 az egy\u00fcttm\u0171k\u00f6d\u00e9s, amiben a mi karunk a m\u0171szaki ter\u00fcletek er\u0151s\u00edt\u00e9s\u00e9vel \u00e9s az ebb\u0151l fakad\u00f3 komplexit\u00e1ssal tud r\u00e9szt venni, seg\u00edts\u00e9get ny\u00fajtani. Erre m\u00e1sutt is van p\u00e9lda, nem is kell messze menni: a vil\u00e1g legjobbjai k\u00f6z\u00e9 tartoz\u00f3 M\u00fcncheni M\u0171szaki Egyetem agr\u00e1rkara a mintegy harminc kilom\u00e9terre l\u00e9v\u0151, Mosonmagyar\u00f3v\u00e1rn\u00e1l nem sokkal nagyobb Freisingben tal\u00e1lhat\u00f3\u201d<\/em><\/p><\/blockquote>\n\n\n\n<p id=\"viewer-454d3\">\u2013 mondta dr. Szalka \u00c9va, a Sz\u00e9chenyi Istv\u00e1n Egyetem \u00f3v\u00e1ri Mez\u0151gazdas\u00e1g- \u00e9s \u00c9lelmiszertudom\u00e1nyi Kar\u00e1nak d\u00e9k\u00e1nja, hangs\u00falyozva az int\u00e9zm\u00e9ny\u00fck gy\u0151ri m\u0171szaki tudom\u00e1nyi karaival, szervezeti egys\u00e9geivel megl\u00e9v\u0151 szoros kapcsolat fontoss\u00e1g\u00e1t.<\/p>\n\n\n\n<p id=\"viewer-hrbp\">Erre p\u00e9lda az a j\u00f6v\u0151re z\u00e1rul\u00f3, a T\u00e9mater\u00fcleti Kiv\u00e1l\u00f3s\u00e1gi Program keret\u00e9ben megval\u00f3sul\u00f3 h\u00e1rom\u00e9ves projekt is, amelynek sor\u00e1n prec\u00edzi\u00f3s n\u00f6v\u00e9nytermeszt\u00e9si kutat\u00e1sokat folytatnak. Ennek r\u00e9szek\u00e9nt a magyarra \u00e1ltal\u00e1ban \u201ea dolgok internetek\u00e9nt\u201d ford\u00edtott ultramodern, a vil\u00e1gh\u00e1l\u00f3ra kapcsol\u00f3dni k\u00e9pes IoT-eszk\u00f6z\u00f6ket szereztek be a spanyol Libelium c\u00e9gt\u0151l, amely honlapj\u00e1n a <a href=\"https:\/\/www.libelium.com\/libeliumworld\/success-stories\/hungarys-first-field-monitoring-lab-relies-on-libeliums-iot-technology\/\" target=\"_blank\" rel=\"noreferrer noopener\">sikert\u00f6rt\u00e9netek k\u00f6z\u00f6tt<\/a> adott h\u00edrt az \u00f3v\u00e1ri elk\u00e9pzel\u00e9sek k\u00fcl\u00f6nlegess\u00e9g\u00e9r\u0151l.<\/p>\n\n\n\n<blockquote class=\"wp-block-quote\" id=\"viewer-sj24\"><p><em>\u201eEzeket a m\u0171szereket a t\u00e1bl\u00e1kon bel\u00fcl elt\u00e9r\u0151 tulajdons\u00e1g\u00fa helyekre, s\u0151t a sz\u00e1nt\u00f3f\u00f6ld melletti erd\u0151s\u00e1vba helyezt\u00fck ki. Sz\u00e1zn\u00e1l is t\u00f6bb param\u00e9tert m\u00e9r\u00fcnk a talajr\u00f3l, a n\u00f6v\u00e9nyr\u0151l, a k\u00f6zvetlen k\u00f6rnyezetr\u0151l, a mikrokl\u00edm\u00e1r\u00f3l, az id\u0151j\u00e1r\u00e1sr\u00f3l negyed\u00f3r\u00e1nk\u00e9nti gyakoris\u00e1ggal <\/em>\u2013 magyar\u00e1zta dr. Kov\u00e1cs Attila, a Biol\u00f3giai Rendszerek \u00e9s \u00c9lelmiszeripari M\u0171szaki Tansz\u00e9k vezet\u0151je. \u2013 <em>A k\u00f6vetkez\u0151 l\u00e9p\u00e9s az adatok tov\u00e1bb\u00edt\u00e1sa \u00e9s t\u00e1rol\u00e1sa. A projektben t\u00f6bbf\u00e9le megold\u00e1s megb\u00edzhat\u00f3s\u00e1g\u00e1t, energiaig\u00e9ny\u00e9t, tulajdons\u00e1gait vizsg\u00e1ljuk, \u00edgy p\u00e9ld\u00e1ul wifit, GSM-et, az Antenna Hung\u00e1ria Zrt.-vel egy\u00fcttm\u0171k\u00f6dve LoRaWan-adat\u00e1tvitelt, \u00e9s a k\u00f6zelj\u00f6v\u0151ben a Sz\u00e9chenyi Istv\u00e1n Egyetemen l\u00e9trehozott Digit\u00e1lis Fejleszt\u00e9si K\u00f6zponttal k\u00f6z\u00f6sen az 5G-t is tesztelni fogjuk. Az \u00edgy kialakul\u00f3 adatb\u00e1zisainkb\u00f3l mesters\u00e9ges intelligencia alap\u00fa adatelemz\u00e9sben, hozam-el\u0151rejelz\u00e9sben a Sz\u00e1m\u00edt\u00e1stechnikai \u00e9s Automatiz\u00e1l\u00e1si Kutat\u00f3int\u00e9zettel, m\u00edg a robotiz\u00e1ci\u00f3s kutat\u00e1sokban a J\u00e1rm\u0171ipari Kutat\u00f3k\u00f6zponttal \u00e9s egyetem\u00fcnk Automatiz\u00e1l\u00e1si Tansz\u00e9k\u00e9vel dolgozunk egy\u00fctt.\u201d<\/em><\/p><\/blockquote>\n\n\n\n<div class=\"wp-block-image\"><figure class=\"aligncenter size-large\"><img decoding=\"async\" loading=\"lazy\" width=\"1024\" height=\"576\" src=\"https:\/\/jkk-web.sze.hu\/wp-content\/uploads\/2021\/04\/Ne\u0301vtelen-terv-82-1024x576.png\" alt=\"\" class=\"wp-image-1579\" srcset=\"https:\/\/jkk-web.sze.hu\/wp-content\/uploads\/2021\/04\/Ne\u0301vtelen-terv-82-1024x576.png 1024w, https:\/\/jkk-web.sze.hu\/wp-content\/uploads\/2021\/04\/Ne\u0301vtelen-terv-82-300x169.png 300w, https:\/\/jkk-web.sze.hu\/wp-content\/uploads\/2021\/04\/Ne\u0301vtelen-terv-82-768x432.png 768w, https:\/\/jkk-web.sze.hu\/wp-content\/uploads\/2021\/04\/Ne\u0301vtelen-terv-82-1536x864.png 1536w, https:\/\/jkk-web.sze.hu\/wp-content\/uploads\/2021\/04\/Ne\u0301vtelen-terv-82.png 1920w\" sizes=\"(max-width: 1024px) 100vw, 1024px\" \/><figcaption><em>Dr. Kov\u00e1cs Attila, a Biol\u00f3giai Rendszerek \u00e9s \u00c9lelmiszeripari M\u0171szaki Tansz\u00e9k vezet\u0151je.<\/em><\/figcaption><\/figure><\/div>\n\n\n\n<p>Forr\u00e1s: <a href=\"https:\/\/www.uni.sze.hu\/post\/a-m%C5%B1szaki-informatikai-tud%C3%A1sra-%C3%A9p%C3%ADtve-fejleszt-a-sz%C3%A9chenyi-istv%C3%A1n-egyetem-%C3%B3v%C3%A1ri-kara\" target=\"_blank\" rel=\"noopener\">https:\/\/www.uni.sze.hu\/post\/a-m%C5%B1szaki-informatikai-tud%C3%A1sra-%C3%A9p%C3%ADtve-fejleszt-a-sz%C3%A9chenyi-istv%C3%A1n-egyetem-%C3%B3v%C3%A1ri-kara<\/a><\/p>\n","protected":false},"excerpt":{"rendered":"<p>A Sz\u00e9chenyi Istv\u00e1n Egyetem hagyom\u00e1nyosan rendk\u00edv\u00fcl er\u0151s gy\u00f6kerekkel rendelkezik a m\u0171szaki \u00e9s informatikai tudom\u00e1nyok ter\u00e9n, s erre \u00e9p\u00edtve val\u00f3s\u00edt meg a Mez\u0151gazdas\u00e1g- \u00e9s \u00c9lelmiszertudom\u00e1nyi Kar egy olyan projektet, amelynek k\u00f6z\u00e9ppontj\u00e1ban [&hellip;]<\/p>\n","protected":false},"author":7,"featured_media":2399,"comment_status":"closed","ping_status":"closed","sticky":false,"template":"","format":"standard","meta":{"footnotes":""},"categories":[35],"tags":[],"acf":[],"_links":{"self":[{"href":"https:\/\/jkk-web.sze.hu\/en\/wp-json\/wp\/v2\/posts\/2686"}],"collection":[{"href":"https:\/\/jkk-web.sze.hu\/en\/wp-json\/wp\/v2\/posts"}],"about":[{"href":"https:\/\/jkk-web.sze.hu\/en\/wp-json\/wp\/v2\/types\/post"}],"author":[{"embeddable":true,"href":"https:\/\/jkk-web.sze.hu\/en\/wp-json\/wp\/v2\/users\/7"}],"replies":[{"embeddable":true,"href":"https:\/\/jkk-web.sze.hu\/en\/wp-json\/wp\/v2\/comments?post=2686"}],"version-history":[{"count":1,"href":"https:\/\/jkk-web.sze.hu\/en\/wp-json\/wp\/v2\/posts\/2686\/revisions"}],"predecessor-version":[{"id":2687,"href":"https:\/\/jkk-web.sze.hu\/en\/wp-json\/wp\/v2\/posts\/2686\/revisions\/2687"}],"wp:featuredmedia":[{"embeddable":true,"href":"https:\/\/jkk-web.sze.hu\/en\/wp-json\/wp\/v2\/media\/2399"}],"wp:attachment":[{"href":"https:\/\/jkk-web.sze.hu\/en\/wp-json\/wp\/v2\/media?parent=2686"}],"wp:term":[{"taxonomy":"category","embeddable":true,"href":"https:\/\/jkk-web.sze.hu\/en\/wp-json\/wp\/v2\/categories?post=2686"},{"taxonomy":"post_tag","embeddable":true,"href":"https:\/\/jkk-web.sze.hu\/en\/wp-json\/wp\/v2\/tags?post=2686"}],"curies":[{"name":"wp","href":"https:\/\/api.w.org\/{rel}","templated":true}]}}