{"id":4882,"date":"2023-05-03T12:08:00","date_gmt":"2023-05-03T10:08:00","guid":{"rendered":"https:\/\/jkk-web.sze.hu\/?p=4882"},"modified":"2023-07-04T12:24:24","modified_gmt":"2023-07-04T10:24:24","slug":"with-the-finish-line-is-sight-the-construction-of-szechenyi-istvan-universitys-gyor-based-science-innovation-park-is-now-into-its-home-stretch","status":"publish","type":"post","link":"https:\/\/jkk-web.sze.hu\/en\/with-the-finish-line-is-sight-the-construction-of-szechenyi-istvan-universitys-gyor-based-science-innovation-park-is-now-into-its-home-stretch\/","title":{"rendered":"With the finish line is sight, the construction of Sz\u00e9chenyi Istv\u00e1n University\u2019s Gy\u0151r based Science &#038; Innovation Park is now into its home stretch"},"content":{"rendered":"\n<p>The Sz\u00e9chenyi Istv\u00e1n University&#8217;s Science &amp; Innovation Park in Gy\u0151r is being created by transforming the city&#8217;s iconic industrial monument, the &#8220;cube building&#8221;. Among others, the Design Department of the Faculty of Arts, the Digital Development Center, and several key companies in the region will find their place within its walls. The park is being built 500 meters from the central campus and on the site of the old biscuit and wafer factory a hallmark of Gy\u0151r\u2019s history.<\/p>\n\n\n\n<figure class=\"wp-block-image size-large\"><img decoding=\"async\" loading=\"lazy\" width=\"945\" height=\"532\" src=\"https:\/\/jkk-web.sze.hu\/wp-content\/uploads\/2023\/07\/image.png\" alt=\"\" class=\"wp-image-4883\" srcset=\"https:\/\/jkk-web.sze.hu\/wp-content\/uploads\/2023\/07\/image.png 945w, https:\/\/jkk-web.sze.hu\/wp-content\/uploads\/2023\/07\/image-300x169.png 300w, https:\/\/jkk-web.sze.hu\/wp-content\/uploads\/2023\/07\/image-768x432.png 768w\" sizes=\"(max-width: 945px) 100vw, 945px\" \/><\/figure>\n\n\n\n<p>For Sz\u00e9chenyi Istv\u00e1n University, a close partnership with businesses in the region is essential as this is key part of the secret of the success for universities leading world rankings.\u00a0<\/p>\n\n\n\n<figure class=\"wp-block-image size-large\"><img decoding=\"async\" loading=\"lazy\" width=\"945\" height=\"532\" src=\"https:\/\/jkk-web.sze.hu\/wp-content\/uploads\/2023\/07\/image-1.png\" alt=\"\" class=\"wp-image-4885\" srcset=\"https:\/\/jkk-web.sze.hu\/wp-content\/uploads\/2023\/07\/image-1.png 945w, https:\/\/jkk-web.sze.hu\/wp-content\/uploads\/2023\/07\/image-1-300x169.png 300w, https:\/\/jkk-web.sze.hu\/wp-content\/uploads\/2023\/07\/image-1-768x432.png 768w\" sizes=\"(max-width: 945px) 100vw, 945px\" \/><\/figure>\n\n\n\n<p>In his speech, Minister of Foreign Affairs and Trade, P\u00e9ter Szijj\u00e1rt\u00f3 explained: a new world economy is being built as we speak. In relation to this, one of the most important resources of our country is its higher education system.\u00a0<\/p>\n\n\n\n<figure class=\"wp-block-image size-large\"><img decoding=\"async\" loading=\"lazy\" width=\"945\" height=\"532\" src=\"https:\/\/jkk-web.sze.hu\/wp-content\/uploads\/2023\/07\/image-2.png\" alt=\"\" class=\"wp-image-4887\" srcset=\"https:\/\/jkk-web.sze.hu\/wp-content\/uploads\/2023\/07\/image-2.png 945w, https:\/\/jkk-web.sze.hu\/wp-content\/uploads\/2023\/07\/image-2-300x169.png 300w, https:\/\/jkk-web.sze.hu\/wp-content\/uploads\/2023\/07\/image-2-768x432.png 768w\" sizes=\"(max-width: 945px) 100vw, 945px\" \/><\/figure>\n\n\n\n<p>Alfons Dintner, head of Audi Hungaria spoke about the close relationship between the company and the university. He said, professionals who have graduated from Sz\u00e9chenyi Istv\u00e1n University have played an important role in Audi since the beginning of its establishment in Hungary. He pointed out that nearly 80% of their 2155 engineers are graduates from their partner universities with more than half of them from Sz\u00e9chenyi Istv\u00e1n University. Finally, he expressed that the Science &amp; Innovation Park will be the home of future solutions for sustainability, which will enable new interaction points and promote new forms of cooperation for both parties.\u00a0<\/p>\n\n\n\n<figure class=\"wp-block-image size-large\"><img decoding=\"async\" loading=\"lazy\" width=\"945\" height=\"532\" src=\"https:\/\/jkk-web.sze.hu\/wp-content\/uploads\/2023\/07\/image-3.png\" alt=\"\" class=\"wp-image-4889\" srcset=\"https:\/\/jkk-web.sze.hu\/wp-content\/uploads\/2023\/07\/image-3.png 945w, https:\/\/jkk-web.sze.hu\/wp-content\/uploads\/2023\/07\/image-3-300x169.png 300w, https:\/\/jkk-web.sze.hu\/wp-content\/uploads\/2023\/07\/image-3-768x432.png 768w\" sizes=\"(max-width: 945px) 100vw, 945px\" \/><\/figure>\n\n\n\n<p>Dr. Istv\u00e1n Sz\u00e1szi, head of the Bosch Group in Hungary and the Adria region emphasized \u201cAccording to our strategic agreement with the Sz\u00e9chenyi Istv\u00e1n University, after ZalaZONE, we plan also to co-operate with each other within the walls of the Science &amp; Innovation Park in Gy\u0151r too.\u201d<\/p>\n\n\n\n<figure class=\"wp-block-image size-large\"><img decoding=\"async\" loading=\"lazy\" width=\"945\" height=\"532\" src=\"https:\/\/jkk-web.sze.hu\/wp-content\/uploads\/2023\/07\/image-4.png\" alt=\"\" class=\"wp-image-4891\" srcset=\"https:\/\/jkk-web.sze.hu\/wp-content\/uploads\/2023\/07\/image-4.png 945w, https:\/\/jkk-web.sze.hu\/wp-content\/uploads\/2023\/07\/image-4-300x169.png 300w, https:\/\/jkk-web.sze.hu\/wp-content\/uploads\/2023\/07\/image-4-768x432.png 768w\" sizes=\"(max-width: 945px) 100vw, 945px\" \/><\/figure>\n\n\n\n<p>Professor dr. Andr\u00e1s Csaba D\u00e9zsi, mayor of Gy\u0151r, said the biscuit factory is part of our past and the&nbsp;science park is part of our fantastic future.&nbsp;<\/p>\n","protected":false},"excerpt":{"rendered":"<p>The Sz\u00e9chenyi Istv\u00e1n University&#8217;s Science &amp; Innovation Park in Gy\u0151r is being created by transforming the city&#8217;s iconic industrial monument, the &#8220;cube building&#8221;. Among others, the Design Department of the [&hellip;]<\/p>\n","protected":false},"author":7,"featured_media":4574,"comment_status":"closed","ping_status":"closed","sticky":false,"template":"","format":"standard","meta":{"footnotes":""},"categories":[35],"tags":[],"acf":[],"_links":{"self":[{"href":"https:\/\/jkk-web.sze.hu\/en\/wp-json\/wp\/v2\/posts\/4882"}],"collection":[{"href":"https:\/\/jkk-web.sze.hu\/en\/wp-json\/wp\/v2\/posts"}],"about":[{"href":"https:\/\/jkk-web.sze.hu\/en\/wp-json\/wp\/v2\/types\/post"}],"author":[{"embeddable":true,"href":"https:\/\/jkk-web.sze.hu\/en\/wp-json\/wp\/v2\/users\/7"}],"replies":[{"embeddable":true,"href":"https:\/\/jkk-web.sze.hu\/en\/wp-json\/wp\/v2\/comments?post=4882"}],"version-history":[{"count":1,"href":"https:\/\/jkk-web.sze.hu\/en\/wp-json\/wp\/v2\/posts\/4882\/revisions"}],"predecessor-version":[{"id":4893,"href":"https:\/\/jkk-web.sze.hu\/en\/wp-json\/wp\/v2\/posts\/4882\/revisions\/4893"}],"wp:featuredmedia":[{"embeddable":true,"href":"https:\/\/jkk-web.sze.hu\/en\/wp-json\/wp\/v2\/media\/4574"}],"wp:attachment":[{"href":"https:\/\/jkk-web.sze.hu\/en\/wp-json\/wp\/v2\/media?parent=4882"}],"wp:term":[{"taxonomy":"category","embeddable":true,"href":"https:\/\/jkk-web.sze.hu\/en\/wp-json\/wp\/v2\/categories?post=4882"},{"taxonomy":"post_tag","embeddable":true,"href":"https:\/\/jkk-web.sze.hu\/en\/wp-json\/wp\/v2\/tags?post=4882"}],"curies":[{"name":"wp","href":"https:\/\/api.w.org\/{rel}","templated":true}]}}