{"id":4894,"date":"2023-05-04T12:24:00","date_gmt":"2023-05-04T10:24:00","guid":{"rendered":"https:\/\/jkk-web.sze.hu\/?p=4894"},"modified":"2023-07-04T12:26:59","modified_gmt":"2023-07-04T10:26:59","slug":"szechenyi-university-hosts-global-forum-focusing-on-digital-transformation-and-sustainability","status":"publish","type":"post","link":"https:\/\/jkk-web.sze.hu\/en\/szechenyi-university-hosts-global-forum-focusing-on-digital-transformation-and-sustainability\/","title":{"rendered":"Sz\u00e9chenyi-University hosts Global Forum: focusing on digital transformation and sustainability"},"content":{"rendered":"\n<p>About 200 people took part in the two-day conference organized by the Regional University Network-European University (RUN-EU) consurtium and held at Sz\u00e9chenyi Istv\u00e1n University. The aim of the programme was to discuss common development strategies, action plans and formulate proposals that contribute to the management of regional, national and European level mechanisms for, digital transformation and environmental sustainability, supporting the realization of a circular economy.\u00a0<\/p>\n\n\n\n<figure class=\"wp-block-image size-large\"><img decoding=\"async\" loading=\"lazy\" width=\"945\" height=\"532\" src=\"https:\/\/jkk-web.sze.hu\/wp-content\/uploads\/2023\/07\/image-5.png\" alt=\"\" class=\"wp-image-4895\" srcset=\"https:\/\/jkk-web.sze.hu\/wp-content\/uploads\/2023\/07\/image-5.png 945w, https:\/\/jkk-web.sze.hu\/wp-content\/uploads\/2023\/07\/image-5-300x169.png 300w, https:\/\/jkk-web.sze.hu\/wp-content\/uploads\/2023\/07\/image-5-768x432.png 768w\" sizes=\"(max-width: 945px) 100vw, 945px\" \/><\/figure>\n\n\n\n<p>Mr Simon Geraghty, Vice-President of the Irish Unilever Prestige, and Mr Bouwe de Boer, project leader of the Friends of Fossil Friesland&#8217;s project, focused on digital transformation and environmental sustainability, as well as corporate and settlement challenges and opportunities related to their specific geographical areas.<\/p>\n\n\n\n<figure class=\"wp-block-image size-large\"><img decoding=\"async\" loading=\"lazy\" width=\"945\" height=\"532\" src=\"https:\/\/jkk-web.sze.hu\/wp-content\/uploads\/2023\/07\/image-6.png\" alt=\"\" class=\"wp-image-4897\" srcset=\"https:\/\/jkk-web.sze.hu\/wp-content\/uploads\/2023\/07\/image-6.png 945w, https:\/\/jkk-web.sze.hu\/wp-content\/uploads\/2023\/07\/image-6-300x169.png 300w, https:\/\/jkk-web.sze.hu\/wp-content\/uploads\/2023\/07\/image-6-768x432.png 768w\" sizes=\"(max-width: 945px) 100vw, 945px\" \/><\/figure>\n\n\n\n<p>Szechenyi University\u2019s department of Vehicle Production Studies head Dr. J\u00e1nos J\u00f3vai presented the institution&#8217;s developments and collaborations related to automotive research, while Krecht Rudolf, the founder of the SentryNode Robotics startup company, spoke about the potential of university-company cooperation and the role of innovative solutions in sustainability.\u00a0<\/p>\n\n\n\n<figure class=\"wp-block-image size-large\"><img decoding=\"async\" loading=\"lazy\" width=\"945\" height=\"532\" src=\"https:\/\/jkk-web.sze.hu\/wp-content\/uploads\/2023\/07\/image-7.png\" alt=\"\" class=\"wp-image-4899\" srcset=\"https:\/\/jkk-web.sze.hu\/wp-content\/uploads\/2023\/07\/image-7.png 945w, https:\/\/jkk-web.sze.hu\/wp-content\/uploads\/2023\/07\/image-7-300x169.png 300w, https:\/\/jkk-web.sze.hu\/wp-content\/uploads\/2023\/07\/image-7-768x432.png 768w\" sizes=\"(max-width: 945px) 100vw, 945px\" \/><\/figure>\n\n\n\n<p>The Food and Bioeconomy Center thematic workshop was led by Annuka Pakarinen, research director at the Finnish HAMK University. Further presentations to the conference participants included that Dr. Professor Amanda L\u00e1szl\u00f3 Palkovics head of the Department of Plant sciences at the Sz\u00e9chenyi Istv\u00e1n University, where she discussed the institution\u2019s research related to food sciences and bioeconomy, and that of dr. Attila Kov\u00e1cs, head of the Department of Biological Systems and Food Industry Technology, who reiterated the university\u2019s precision agriculture projects and its Smart Farm Educational programme. In connection to precision farming, Tam\u00e1s Bori, the company\u2019s international sales director, presented the ABZ Drone, he outlined the potential of drone technology and its role in sustainable agricultural production.\u00a0<\/p>\n\n\n\n<figure class=\"wp-block-image size-large\"><img decoding=\"async\" loading=\"lazy\" width=\"945\" height=\"532\" src=\"https:\/\/jkk-web.sze.hu\/wp-content\/uploads\/2023\/07\/image-8.png\" alt=\"\" class=\"wp-image-4901\" srcset=\"https:\/\/jkk-web.sze.hu\/wp-content\/uploads\/2023\/07\/image-8.png 945w, https:\/\/jkk-web.sze.hu\/wp-content\/uploads\/2023\/07\/image-8-300x169.png 300w, https:\/\/jkk-web.sze.hu\/wp-content\/uploads\/2023\/07\/image-8-768x432.png 768w\" sizes=\"(max-width: 945px) 100vw, 945px\" \/><\/figure>\n\n\n\n<p>Also, during the conference, the Center for Social Innovations workshop was directed by Ms Ellen de Bruin, head of the social work group at NHL Stenden University in Netherlands.\u00a0<\/p>\n\n\n\n<figure class=\"wp-block-image size-large\"><img decoding=\"async\" loading=\"lazy\" width=\"945\" height=\"532\" src=\"https:\/\/jkk-web.sze.hu\/wp-content\/uploads\/2023\/07\/image-9.png\" alt=\"\" class=\"wp-image-4903\" srcset=\"https:\/\/jkk-web.sze.hu\/wp-content\/uploads\/2023\/07\/image-9.png 945w, https:\/\/jkk-web.sze.hu\/wp-content\/uploads\/2023\/07\/image-9-300x169.png 300w, https:\/\/jkk-web.sze.hu\/wp-content\/uploads\/2023\/07\/image-9-768x432.png 768w\" sizes=\"(max-width: 945px) 100vw, 945px\" \/><\/figure>\n\n\n\n<p>The first day of the two-day event ended with a round table discussion, where the participants discussed regional, national and European level enabling mechanisms, the challenges and opportunities associated with digital transformation and issues related to the management of environmental sustainability.&nbsp;<\/p>\n\n\n\n<p>Three presentation took place on the closing day. The first being Dr. Tibor D\u0151ry, head of the Sz\u00e9chenyi University\u2019s Management Campus Competence Center regarding, the university\u2019s innovation ecosystem, the second held by dr. Szabolcs R\u00e1mh\u00e1p, the head of the Startup Center, explaining the university startup and spinoff programs, while Gergely M\u00e9sz\u00e1ros, the Hungary\u2019s initial contact person for the Eurostars and Eureka programs, both being supervised by the National Research, Development and Innovation Office, detailed the application process and the multiple opportunities related to these programs.&nbsp;<\/p>\n\n\n\n<p>A special not of appreciation to the event\u2019s organizer dr. Petra Szakonyi, assistant professor at Sz\u00e9chenyi University, who took on this major role; and also for the support from the European Union and RUN-EU, without, all the event could not have been realized.<\/p>\n","protected":false},"excerpt":{"rendered":"<p>About 200 people took part in the two-day conference organized by the Regional University Network-European University (RUN-EU) consurtium and held at Sz\u00e9chenyi Istv\u00e1n University. The aim of the programme was [&hellip;]<\/p>\n","protected":false},"author":7,"featured_media":4578,"comment_status":"closed","ping_status":"closed","sticky":false,"template":"","format":"standard","meta":{"footnotes":""},"categories":[35],"tags":[],"acf":[],"_links":{"self":[{"href":"https:\/\/jkk-web.sze.hu\/en\/wp-json\/wp\/v2\/posts\/4894"}],"collection":[{"href":"https:\/\/jkk-web.sze.hu\/en\/wp-json\/wp\/v2\/posts"}],"about":[{"href":"https:\/\/jkk-web.sze.hu\/en\/wp-json\/wp\/v2\/types\/post"}],"author":[{"embeddable":true,"href":"https:\/\/jkk-web.sze.hu\/en\/wp-json\/wp\/v2\/users\/7"}],"replies":[{"embeddable":true,"href":"https:\/\/jkk-web.sze.hu\/en\/wp-json\/wp\/v2\/comments?post=4894"}],"version-history":[{"count":1,"href":"https:\/\/jkk-web.sze.hu\/en\/wp-json\/wp\/v2\/posts\/4894\/revisions"}],"predecessor-version":[{"id":4905,"href":"https:\/\/jkk-web.sze.hu\/en\/wp-json\/wp\/v2\/posts\/4894\/revisions\/4905"}],"wp:featuredmedia":[{"embeddable":true,"href":"https:\/\/jkk-web.sze.hu\/en\/wp-json\/wp\/v2\/media\/4578"}],"wp:attachment":[{"href":"https:\/\/jkk-web.sze.hu\/en\/wp-json\/wp\/v2\/media?parent=4894"}],"wp:term":[{"taxonomy":"category","embeddable":true,"href":"https:\/\/jkk-web.sze.hu\/en\/wp-json\/wp\/v2\/categories?post=4894"},{"taxonomy":"post_tag","embeddable":true,"href":"https:\/\/jkk-web.sze.hu\/en\/wp-json\/wp\/v2\/tags?post=4894"}],"curies":[{"name":"wp","href":"https:\/\/api.w.org\/{rel}","templated":true}]}}